{"id":17975,"date":"2026-08-07T13:26:28","date_gmt":"2026-08-07T18:26:28","guid":{"rendered":"https:\/\/egacal.edu.pe\/?p=17975"},"modified":"2026-08-30T20:12:06","modified_gmt":"2026-08-31T01:12:06","slug":"la-dra-ana-calderon-sumarriva-integrante-del-comite-organizador-del-i-congreso-internacional-en-mexico","status":"publish","type":"post","link":"https:\/\/egacal.edu.pe\/index.php\/la-dra-ana-calderon-sumarriva-integrante-del-comite-organizador-del-i-congreso-internacional-en-mexico\/","title":{"rendered":"La Dra. Ana Calder\u00f3n Sumarriva, integrante del Comit\u00e9 Organizador del I Congreso Internacional en M\u00e9xico"},"content":{"rendered":"\n<p class=\"wp-block-paragraph\">\u25ba <strong>Ver BROCHURE COMPLETO<\/strong> <a href=\"https:\/\/egacal.edu.pe\/wp-content\/uploads\/2026\/08\/CONGRESO-INTERNACIONAL.pdf\">AQU\u00cd.<\/a><\/p>\n\n\n\n<p class=\"wp-block-paragraph\">\ud83d\udce2 La Dra. Ana Calder\u00f3n Sumarriva, integrante del Comit\u00e9 Organizador del I Congreso Internacional en M\u00e9xico<br>La Dra. Ana Calder\u00f3n Sumarriva, directora de EGACAL \u2013 Escuela de Derecho, forma parte del Comit\u00e9 Organizador del I Congreso Internacional: \u201cLa Inteligencia Artificial, su irrupci\u00f3n en la ense\u00f1anza, procuraci\u00f3n y administraci\u00f3n de justicia en el Derecho contempor\u00e1neo\u201d.<br>\ud83d\udcc5<strong> 18, 19 y 20 de noviembre de 2026<\/strong><br>\ud83d\udccd Facultad de Estudios Superiores Arag\u00f3n \u2013 UNAM, Ciudad Nezahualc\u00f3yotl, Estado de M\u00e9xico, M\u00e9xico.<br>El Congreso ser\u00e1 un importante espacio acad\u00e9mico para reflexionar sobre el uso \u00e9tico de la Inteligencia Artificial en el Derecho, as\u00ed como su impacto en la ense\u00f1anza jur\u00eddica, el Derecho penal y la administraci\u00f3n de justicia.<br>La participaci\u00f3n de la Dra. Ana Calder\u00f3n Sumarriva reafirma el compromiso de EGACAL con la formaci\u00f3n jur\u00eddica de excelencia, la innovaci\u00f3n y el an\u00e1lisis de los nuevos desaf\u00edos que plantea la Inteligencia Artificial en el \u00e1mbito jur\u00eddico.<\/p>\n\n\n\n<figure class=\"wp-block-image size-large\"><img loading=\"lazy\" decoding=\"async\" width=\"791\" height=\"1024\" src=\"https:\/\/egacal.edu.pe\/wp-content\/uploads\/2026\/08\/I-Congreso-Internacional-Mexico-1-791x1024.png\" alt=\"\" class=\"wp-image-17979\" srcset=\"https:\/\/egacal.edu.pe\/wp-content\/uploads\/2026\/08\/I-Congreso-Internacional-Mexico-1-791x1024.png 791w, https:\/\/egacal.edu.pe\/wp-content\/uploads\/2026\/08\/I-Congreso-Internacional-Mexico-1-232x300.png 232w, https:\/\/egacal.edu.pe\/wp-content\/uploads\/2026\/08\/I-Congreso-Internacional-Mexico-1-768x994.png 768w, https:\/\/egacal.edu.pe\/wp-content\/uploads\/2026\/08\/I-Congreso-Internacional-Mexico-1-1187x1536.png 1187w, https:\/\/egacal.edu.pe\/wp-content\/uploads\/2026\/08\/I-Congreso-Internacional-Mexico-1-1583x2048.png 1583w, https:\/\/egacal.edu.pe\/wp-content\/uploads\/2026\/08\/I-Congreso-Internacional-Mexico-1-440x569.png 440w, https:\/\/egacal.edu.pe\/wp-content\/uploads\/2026\/08\/I-Congreso-Internacional-Mexico-1-770x996.png 770w, https:\/\/egacal.edu.pe\/wp-content\/uploads\/2026\/08\/I-Congreso-Internacional-Mexico-1.png 1700w\" sizes=\"auto, (max-width: 791px) 100vw, 791px\" \/><\/figure>\n\n\n\n<figure class=\"wp-block-image size-large\"><img loading=\"lazy\" decoding=\"async\" width=\"791\" height=\"1024\" src=\"https:\/\/egacal.edu.pe\/wp-content\/uploads\/2026\/08\/CONGRESO-INTERNACIONAL_Pagina_3-791x1024.png\" alt=\"\" class=\"wp-image-17984\" srcset=\"https:\/\/egacal.edu.pe\/wp-content\/uploads\/2026\/08\/CONGRESO-INTERNACIONAL_Pagina_3-791x1024.png 791w, https:\/\/egacal.edu.pe\/wp-content\/uploads\/2026\/08\/CONGRESO-INTERNACIONAL_Pagina_3-232x300.png 232w, https:\/\/egacal.edu.pe\/wp-content\/uploads\/2026\/08\/CONGRESO-INTERNACIONAL_Pagina_3-768x994.png 768w, https:\/\/egacal.edu.pe\/wp-content\/uploads\/2026\/08\/CONGRESO-INTERNACIONAL_Pagina_3-1187x1536.png 1187w, https:\/\/egacal.edu.pe\/wp-content\/uploads\/2026\/08\/CONGRESO-INTERNACIONAL_Pagina_3-1583x2048.png 1583w, https:\/\/egacal.edu.pe\/wp-content\/uploads\/2026\/08\/CONGRESO-INTERNACIONAL_Pagina_3-440x569.png 440w, https:\/\/egacal.edu.pe\/wp-content\/uploads\/2026\/08\/CONGRESO-INTERNACIONAL_Pagina_3-770x996.png 770w, https:\/\/egacal.edu.pe\/wp-content\/uploads\/2026\/08\/CONGRESO-INTERNACIONAL_Pagina_3.png 1700w\" sizes=\"auto, (max-width: 791px) 100vw, 791px\" \/><\/figure>\n\n\n\n<figure class=\"wp-block-image size-large\"><img loading=\"lazy\" decoding=\"async\" width=\"791\" height=\"1024\" src=\"https:\/\/egacal.edu.pe\/wp-content\/uploads\/2026\/08\/I-Congreso-Internacional-Mexico-2-791x1024.png\" alt=\"\" class=\"wp-image-17980\" srcset=\"https:\/\/egacal.edu.pe\/wp-content\/uploads\/2026\/08\/I-Congreso-Internacional-Mexico-2-791x1024.png 791w, https:\/\/egacal.edu.pe\/wp-content\/uploads\/2026\/08\/I-Congreso-Internacional-Mexico-2-232x300.png 232w, https:\/\/egacal.edu.pe\/wp-content\/uploads\/2026\/08\/I-Congreso-Internacional-Mexico-2-768x994.png 768w, https:\/\/egacal.edu.pe\/wp-content\/uploads\/2026\/08\/I-Congreso-Internacional-Mexico-2-1187x1536.png 1187w, https:\/\/egacal.edu.pe\/wp-content\/uploads\/2026\/08\/I-Congreso-Internacional-Mexico-2-1583x2048.png 1583w, https:\/\/egacal.edu.pe\/wp-content\/uploads\/2026\/08\/I-Congreso-Internacional-Mexico-2-440x569.png 440w, https:\/\/egacal.edu.pe\/wp-content\/uploads\/2026\/08\/I-Congreso-Internacional-Mexico-2-770x996.png 770w, https:\/\/egacal.edu.pe\/wp-content\/uploads\/2026\/08\/I-Congreso-Internacional-Mexico-2.png 1700w\" sizes=\"auto, (max-width: 791px) 100vw, 791px\" \/><\/figure>\n","protected":false},"excerpt":{"rendered":"<p>\u25ba Ver BROCHURE COMPLETO AQU\u00cd. \ud83d\udce2 La Dra. Ana Calder\u00f3n Sumarriva, integrante del Comit\u00e9 Organizador del I Congreso Internacional en M\u00e9xicoLa Dra. Ana Calder\u00f3n Sumarriva, directora de EGACAL \u2013 Escuela de Derecho, forma parte del Comit\u00e9 Organizador del I Congreso Internacional: \u201cLa Inteligencia Artificial, su irrupci\u00f3n en la ense\u00f1anza, procuraci\u00f3n y administraci\u00f3n de justicia en [&hellip;]<\/p>\n","protected":false},"author":1,"featured_media":17977,"comment_status":"closed","ping_status":"closed","sticky":false,"template":"","format":"standard","meta":{"_acf_changed":false,"_seopress_titles_title":"","_seopress_titles_desc":"","_seopress_robots_index":"","_seopress_robots_follow":"","_seopress_robots_imageindex":"","_seopress_robots_snippet":"","_seopress_robots_primary_cat":"","_seopress_robots_breadcrumbs":"","_seopress_robots_freeze_modified_date":"","_seopress_robots_custom_modified_date":"","_seopress_robots_canonical":"","_seopress_social_fb_title":"","_seopress_social_fb_desc":"","_seopress_social_fb_img":"","_seopress_social_fb_img_attachment_id":0,"_seopress_social_fb_img_width":0,"_seopress_social_fb_img_height":0,"_seopress_social_twitter_title":"","_seopress_social_twitter_desc":"","_seopress_social_twitter_img":"","_seopress_social_twitter_img_attachment_id":0,"_seopress_social_twitter_img_width":0,"_seopress_social_twitter_img_height":0,"_seopress_redirections_value":"","_seopress_redirections_enabled":"","_seopress_redirections_enabled_regex":"","_seopress_redirections_logged_status":"","_seopress_redirections_param":"","_seopress_redirections_type":0,"_seopress_analysis_target_kw":"","footnotes":""},"categories":[15],"tags":[],"class_list":["post-17975","post","type-post","status-publish","format-standard","has-post-thumbnail","hentry","category-banner"],"acf":[],"_links":{"self":[{"href":"https:\/\/egacal.edu.pe\/index.php\/wp-json\/wp\/v2\/posts\/17975","targetHints":{"allow":["GET"]}}],"collection":[{"href":"https:\/\/egacal.edu.pe\/index.php\/wp-json\/wp\/v2\/posts"}],"about":[{"href":"https:\/\/egacal.edu.pe\/index.php\/wp-json\/wp\/v2\/types\/post"}],"author":[{"embeddable":true,"href":"https:\/\/egacal.edu.pe\/index.php\/wp-json\/wp\/v2\/users\/1"}],"replies":[{"embeddable":true,"href":"https:\/\/egacal.edu.pe\/index.php\/wp-json\/wp\/v2\/comments?post=17975"}],"version-history":[{"count":3,"href":"https:\/\/egacal.edu.pe\/index.php\/wp-json\/wp\/v2\/posts\/17975\/revisions"}],"predecessor-version":[{"id":17985,"href":"https:\/\/egacal.edu.pe\/index.php\/wp-json\/wp\/v2\/posts\/17975\/revisions\/17985"}],"wp:featuredmedia":[{"embeddable":true,"href":"https:\/\/egacal.edu.pe\/index.php\/wp-json\/wp\/v2\/media\/17977"}],"wp:attachment":[{"href":"https:\/\/egacal.edu.pe\/index.php\/wp-json\/wp\/v2\/media?parent=17975"}],"wp:term":[{"taxonomy":"category","embeddable":true,"href":"https:\/\/egacal.edu.pe\/index.php\/wp-json\/wp\/v2\/categories?post=17975"},{"taxonomy":"post_tag","embeddable":true,"href":"https:\/\/egacal.edu.pe\/index.php\/wp-json\/wp\/v2\/tags?post=17975"}],"curies":[{"name":"wp","href":"https:\/\/api.w.org\/{rel}","templated":true}]}}